{"id":10283,"date":"2024-11-27T15:06:15","date_gmt":"2024-11-27T14:06:15","guid":{"rendered":"https:\/\/www.emsland-group.de\/25-jahre-emsland-service-ein-vierteljahrhundert-erfolg-und-fortschritt\/"},"modified":"2024-11-27T15:10:04","modified_gmt":"2024-11-27T14:10:04","slug":"25-jahre-emsland-service-ein-vierteljahrhundert-erfolg-und-fortschritt","status":"publish","type":"post","link":"https:\/\/www.emsland-group.de\/en\/25-jahre-emsland-service-ein-vierteljahrhundert-erfolg-und-fortschritt\/","title":{"rendered":"25 Years of Emsland Service \u2014 A Quarter of a Century, Success and Progress"},"content":{"rendered":"\n<figure class=\"wp-block-image size-large\"><img loading=\"lazy\" decoding=\"async\" width=\"1024\" height=\"683\" src=\"https:\/\/www.emsland-group.de\/wp-content\/uploads\/7R400696-1024x683.jpg\" alt=\"\" class=\"wp-image-10276\" style=\"aspect-ratio:16\/9;object-fit:cover\" srcset=\"https:\/\/www.emsland-group.de\/wp-content\/uploads\/7R400696-1024x683.jpg 1024w, https:\/\/www.emsland-group.de\/wp-content\/uploads\/7R400696-300x200.jpg 300w, https:\/\/www.emsland-group.de\/wp-content\/uploads\/7R400696-768x512.jpg 768w, https:\/\/www.emsland-group.de\/wp-content\/uploads\/7R400696-1536x1024.jpg 1536w, https:\/\/www.emsland-group.de\/wp-content\/uploads\/7R400696-2048x1365.jpg 2048w, https:\/\/www.emsland-group.de\/wp-content\/uploads\/7R400696-600x400.jpg 600w\" sizes=\"(max-width: 1024px) 100vw, 1024px\" \/><\/figure>\n\n\n\n<p>On October 30, Emsland-Service-GmbH celebrated its 25th anniversary with a special event at the Emlichheim site. The celebration began in the morning with an official part at which Managing Director Dr.-Ing. Martin Gr\u00fcne welcomed numerous guests: Customers, suppliers, partners and employees of Emsland Service and Emsland-St\u00e4rke. Those present were honored for their contribution to the company&#8217;s success story, as they have played a key role in making Emsland Service what it is today \u2014 an integral part of the Emsland Group and a significant success factor.<\/p>\n\n\n\n<div class=\"wp-block-columns is-layout-flex wp-container-core-columns-is-layout-9d6595d7 wp-block-columns-is-layout-flex\">\n<div class=\"wp-block-column is-layout-flow wp-block-column-is-layout-flow\">\n<figure class=\"wp-block-image size-large\"><img loading=\"lazy\" decoding=\"async\" width=\"1024\" height=\"683\" src=\"https:\/\/www.emsland-group.de\/wp-content\/uploads\/7R400745-1024x683.jpg\" alt=\"\" class=\"wp-image-10280\" srcset=\"https:\/\/www.emsland-group.de\/wp-content\/uploads\/7R400745-1024x683.jpg 1024w, https:\/\/www.emsland-group.de\/wp-content\/uploads\/7R400745-300x200.jpg 300w, https:\/\/www.emsland-group.de\/wp-content\/uploads\/7R400745-768x512.jpg 768w, https:\/\/www.emsland-group.de\/wp-content\/uploads\/7R400745-1536x1024.jpg 1536w, https:\/\/www.emsland-group.de\/wp-content\/uploads\/7R400745-2048x1365.jpg 2048w, https:\/\/www.emsland-group.de\/wp-content\/uploads\/7R400745-600x400.jpg 600w\" sizes=\"(max-width: 1024px) 100vw, 1024px\" \/><\/figure>\n<\/div>\n\n\n\n<div class=\"wp-block-column is-layout-flow wp-block-column-is-layout-flow\">\n<figure class=\"wp-block-image size-large\"><img loading=\"lazy\" decoding=\"async\" width=\"1024\" height=\"683\" src=\"https:\/\/www.emsland-group.de\/wp-content\/uploads\/7R400784-1024x683.jpg\" alt=\"\" class=\"wp-image-10258\" srcset=\"https:\/\/www.emsland-group.de\/wp-content\/uploads\/7R400784-1024x683.jpg 1024w, https:\/\/www.emsland-group.de\/wp-content\/uploads\/7R400784-300x200.jpg 300w, https:\/\/www.emsland-group.de\/wp-content\/uploads\/7R400784-768x512.jpg 768w, https:\/\/www.emsland-group.de\/wp-content\/uploads\/7R400784-1536x1024.jpg 1536w, https:\/\/www.emsland-group.de\/wp-content\/uploads\/7R400784-2048x1365.jpg 2048w, https:\/\/www.emsland-group.de\/wp-content\/uploads\/7R400784-600x400.jpg 600w\" sizes=\"(max-width: 1024px) 100vw, 1024px\" \/><\/figure>\n<\/div>\n<\/div>\n\n\n\n<p>In his welcoming speech, Martin Gr\u00fcne recalled the development of the company and the important decisions that have shaped this path. In 1999, Emsland-Service was spun off as an independent part of Emsland-St\u00e4rke in order to focus even more strongly on the specialized needs and requirements of its customers. In 2019, Emsland-St\u00e4rke then took over the entire company shares, which was exactly the right decision for Martin Gr\u00fcne: \u201cEmsland Service belongs here \u2013 Emsland-St\u00e4rke is a part of who we are.\u201d<\/p>\n\n\n\n<p>The management of the Emsland Group was also present. Managing Director Gerrit-Jan Wesselink emphasized the importance of the employees&#8217; in-depth expertise and commitment to the company&#8217;s development. Thanks to numerous investments, new buildings and modernizations in recent years, Emsland Service has made a decisive contribution to the positive development of the production of Emsland-St\u00e4rke and Emsland Food. And the future looks promising: A new warehouse is currently being built, a new washing and grating station is also being installed and the oxidation systems are being renewed and expanded \u2014 a clear sign that the company wants to continue to grow and modernize. \u201cTo do this, we need people who can get stuck in and people who can do it,\u201d says Wesselink. Good specialists are more in demand than ever, and those who show commitment and ability at Emsland Service have the best prospects here.<\/p>\n\n\n\n<p>Wesselink also emphasized the team spirit: Collegiality and mutual support characterize the working atmosphere and are of great importance, especially in challenging times. He expressed his gratitude and appreciation to all employees for their tireless commitment, expertise and hard work.<\/p>\n\n\n\n<p>Following the speeches, Andr\u00e9 Meijer, Head of Project Planning, and Dr.-Ing. Martin Gr\u00fcne took the guests on a tour of the various production areas in two guided groups. The guests were also given an insight into the work and projects at Emsland-St\u00e4rke, such as the conversion of the central control station and the drying systems. The tour illustrated the importance of Emsland Service&#8217;s practical work in the production process.<\/p>\n\n\n\n<div class=\"wp-block-columns is-layout-flex wp-container-core-columns-is-layout-9d6595d7 wp-block-columns-is-layout-flex\">\n<div class=\"wp-block-column is-layout-flow wp-block-column-is-layout-flow\">\n<figure class=\"wp-block-image size-large\"><img loading=\"lazy\" decoding=\"async\" width=\"1024\" height=\"683\" src=\"https:\/\/www.emsland-group.de\/wp-content\/uploads\/7R400931-1024x683.jpg\" alt=\"\" class=\"wp-image-10260\" style=\"aspect-ratio:4\/3;object-fit:cover\" srcset=\"https:\/\/www.emsland-group.de\/wp-content\/uploads\/7R400931-1024x683.jpg 1024w, https:\/\/www.emsland-group.de\/wp-content\/uploads\/7R400931-300x200.jpg 300w, https:\/\/www.emsland-group.de\/wp-content\/uploads\/7R400931-768x512.jpg 768w, https:\/\/www.emsland-group.de\/wp-content\/uploads\/7R400931-1536x1024.jpg 1536w, https:\/\/www.emsland-group.de\/wp-content\/uploads\/7R400931-2048x1365.jpg 2048w, https:\/\/www.emsland-group.de\/wp-content\/uploads\/7R400931-600x400.jpg 600w\" sizes=\"(max-width: 1024px) 100vw, 1024px\" \/><\/figure>\n<\/div>\n\n\n\n<div class=\"wp-block-column is-layout-flow wp-block-column-is-layout-flow\">\n<figure class=\"wp-block-image size-large\"><img loading=\"lazy\" decoding=\"async\" width=\"1024\" height=\"768\" src=\"https:\/\/www.emsland-group.de\/wp-content\/uploads\/7R401148-1-1024x768.jpg\" alt=\"\" class=\"wp-image-10278\" style=\"aspect-ratio:4\/3;object-fit:cover\" srcset=\"https:\/\/www.emsland-group.de\/wp-content\/uploads\/7R401148-1-1024x768.jpg 1024w, https:\/\/www.emsland-group.de\/wp-content\/uploads\/7R401148-1-300x225.jpg 300w, https:\/\/www.emsland-group.de\/wp-content\/uploads\/7R401148-1-768x576.jpg 768w, https:\/\/www.emsland-group.de\/wp-content\/uploads\/7R401148-1-1536x1152.jpg 1536w, https:\/\/www.emsland-group.de\/wp-content\/uploads\/7R401148-1-2048x1536.jpg 2048w, https:\/\/www.emsland-group.de\/wp-content\/uploads\/7R401148-1-600x450.jpg 600w\" sizes=\"(max-width: 1024px) 100vw, 1024px\" \/><\/figure>\n<\/div>\n<\/div>\n\n\n\n<p>The tour was followed by a relaxed get-together with finger food and drinks, where guests were able to exchange ideas and make new contacts.<\/p>\n\n\n\n<p>The afternoon and evening then belonged to all employees and their families, who were also invited to the celebration. There was plenty to eat and drink \u2014 a barbecue buffet with a variety of salads, vegetables and dips from the Lucas Vedder party service. Those present also had a lot of fun at the nail bar and were able to celebrate the anniversary in style with music from DJ Tarzan.<\/p>\n\n\n\n<div class=\"wp-block-columns is-layout-flex wp-container-core-columns-is-layout-9d6595d7 wp-block-columns-is-layout-flex\">\n<div class=\"wp-block-column is-layout-flow wp-block-column-is-layout-flow\">\n<figure class=\"wp-block-image size-large\"><img loading=\"lazy\" decoding=\"async\" width=\"1024\" height=\"1024\" src=\"https:\/\/www.emsland-group.de\/wp-content\/uploads\/7R401269-3-1024x1024.jpg\" alt=\"\" class=\"wp-image-10272\" style=\"aspect-ratio:1;object-fit:cover\" srcset=\"https:\/\/www.emsland-group.de\/wp-content\/uploads\/7R401269-3-1024x1024.jpg 1024w, https:\/\/www.emsland-group.de\/wp-content\/uploads\/7R401269-3-300x300.jpg 300w, https:\/\/www.emsland-group.de\/wp-content\/uploads\/7R401269-3-150x150.jpg 150w, https:\/\/www.emsland-group.de\/wp-content\/uploads\/7R401269-3-768x768.jpg 768w, https:\/\/www.emsland-group.de\/wp-content\/uploads\/7R401269-3-1536x1536.jpg 1536w, https:\/\/www.emsland-group.de\/wp-content\/uploads\/7R401269-3-2048x2048.jpg 2048w, https:\/\/www.emsland-group.de\/wp-content\/uploads\/7R401269-3-600x600.jpg 600w, https:\/\/www.emsland-group.de\/wp-content\/uploads\/7R401269-3-100x100.jpg 100w\" sizes=\"(max-width: 1024px) 100vw, 1024px\" \/><\/figure>\n<\/div>\n\n\n\n<div class=\"wp-block-column is-layout-flow wp-block-column-is-layout-flow\">\n<figure class=\"wp-block-image size-large\"><img loading=\"lazy\" decoding=\"async\" width=\"1024\" height=\"683\" src=\"https:\/\/www.emsland-group.de\/wp-content\/uploads\/7R401356-1-1024x683.jpg\" alt=\"\" class=\"wp-image-10274\" style=\"aspect-ratio:1;object-fit:cover\" srcset=\"https:\/\/www.emsland-group.de\/wp-content\/uploads\/7R401356-1-1024x683.jpg 1024w, https:\/\/www.emsland-group.de\/wp-content\/uploads\/7R401356-1-300x200.jpg 300w, https:\/\/www.emsland-group.de\/wp-content\/uploads\/7R401356-1-768x512.jpg 768w, https:\/\/www.emsland-group.de\/wp-content\/uploads\/7R401356-1-1536x1024.jpg 1536w, https:\/\/www.emsland-group.de\/wp-content\/uploads\/7R401356-1-2048x1365.jpg 2048w, https:\/\/www.emsland-group.de\/wp-content\/uploads\/7R401356-1-600x400.jpg 600w\" sizes=\"(max-width: 1024px) 100vw, 1024px\" \/><\/figure>\n<\/div>\n<\/div>\n\n\n\n<p>A big thank you to all customers, suppliers, partners, employees and companions who have made this anniversary possible \u2014 together we can look back on 25 years of successful company history and look forward to the next steps towards a strong future.<\/p>\n\n\n\n<p><\/p>\n","protected":false},"excerpt":{"rendered":"<p>On October 30, Emsland-Service-GmbH celebrated its 25th anniversary with a special event at the Emlichheim site. The celebration began in the morning with an official part at which Managing Director Dr.-Ing. Martin Gr\u00fcne welcomed numerous guests: Customers, suppliers, partners and employees of Emsland Service and Emsland-St\u00e4rke. Those present were honored for their contribution to the [&hellip;]<\/p>\n","protected":false},"author":4,"featured_media":10277,"comment_status":"closed","ping_status":"closed","sticky":false,"template":"","format":"standard","meta":{"_acf_changed":false,"footnotes":""},"categories":[321],"tags":[],"class_list":["post-10283","post","type-post","status-publish","format-standard","has-post-thumbnail","hentry","category-news-en","news-en"],"acf":[],"yoast_head":"<!-- This site is optimized with the Yoast SEO plugin v27.5 - https:\/\/yoast.com\/product\/yoast-seo-wordpress\/ -->\n<title>25 Years of Emsland Service \u2014 A Quarter of a Century, Success and Progress - Emsland Group<\/title>\n<meta name=\"robots\" content=\"index, follow, max-snippet:-1, max-image-preview:large, max-video-preview:-1\" \/>\n<link rel=\"canonical\" href=\"https:\/\/www.emsland-group.de\/en\/25-jahre-emsland-service-ein-vierteljahrhundert-erfolg-und-fortschritt\/\" \/>\n<meta property=\"og:locale\" content=\"en_US\" \/>\n<meta property=\"og:type\" content=\"article\" \/>\n<meta property=\"og:title\" content=\"25 Years of Emsland Service \u2014 A Quarter of a Century, Success and Progress - Emsland Group\" \/>\n<meta property=\"og:description\" content=\"On October 30, Emsland-Service-GmbH celebrated its 25th anniversary with a special event at the Emlichheim site. The celebration began in the morning with an official part at which Managing Director Dr.-Ing. Martin Gr\u00fcne welcomed numerous guests: Customers, suppliers, partners and employees of Emsland Service and Emsland-St\u00e4rke. Those present were honored for their contribution to the [&hellip;]\" \/>\n<meta property=\"og:url\" content=\"https:\/\/www.emsland-group.de\/en\/25-jahre-emsland-service-ein-vierteljahrhundert-erfolg-und-fortschritt\/\" \/>\n<meta property=\"og:site_name\" content=\"Emsland Group\" \/>\n<meta property=\"article:published_time\" content=\"2024-11-27T14:06:15+00:00\" \/>\n<meta property=\"article:modified_time\" content=\"2024-11-27T14:10:04+00:00\" \/>\n<meta property=\"og:image\" content=\"https:\/\/www.emsland-group.de\/wp-content\/uploads\/7R400696-scaled.jpg\" \/>\n\t<meta property=\"og:image:width\" content=\"2560\" \/>\n\t<meta property=\"og:image:height\" content=\"1707\" \/>\n\t<meta property=\"og:image:type\" content=\"image\/jpeg\" \/>\n<meta name=\"author\" content=\"emsland-group\" \/>\n<meta name=\"twitter:card\" content=\"summary_large_image\" \/>\n<meta name=\"twitter:label1\" content=\"Written by\" \/>\n\t<meta name=\"twitter:data1\" content=\"emsland-group\" \/>\n\t<meta name=\"twitter:label2\" content=\"Est. reading time\" \/>\n\t<meta name=\"twitter:data2\" content=\"5 minutes\" \/>\n<!-- \/ Yoast SEO plugin. -->","yoast_head_json":{"title":"25 Years of Emsland Service \u2014 A Quarter of a Century, Success and Progress - Emsland Group","robots":{"index":"index","follow":"follow","max-snippet":"max-snippet:-1","max-image-preview":"max-image-preview:large","max-video-preview":"max-video-preview:-1"},"canonical":"https:\/\/www.emsland-group.de\/en\/25-jahre-emsland-service-ein-vierteljahrhundert-erfolg-und-fortschritt\/","og_locale":"en_US","og_type":"article","og_title":"25 Years of Emsland Service \u2014 A Quarter of a Century, Success and Progress - Emsland Group","og_description":"On October 30, Emsland-Service-GmbH celebrated its 25th anniversary with a special event at the Emlichheim site. The celebration began in the morning with an official part at which Managing Director Dr.-Ing. Martin Gr\u00fcne welcomed numerous guests: Customers, suppliers, partners and employees of Emsland Service and Emsland-St\u00e4rke. Those present were honored for their contribution to the [&hellip;]","og_url":"https:\/\/www.emsland-group.de\/en\/25-jahre-emsland-service-ein-vierteljahrhundert-erfolg-und-fortschritt\/","og_site_name":"Emsland Group","article_published_time":"2024-11-27T14:06:15+00:00","article_modified_time":"2024-11-27T14:10:04+00:00","og_image":[{"width":2560,"height":1707,"url":"https:\/\/www.emsland-group.de\/wp-content\/uploads\/7R400696-scaled.jpg","type":"image\/jpeg"}],"author":"emsland-group","twitter_card":"summary_large_image","twitter_misc":{"Written by":"emsland-group","Est. reading time":"5 minutes"},"schema":{"@context":"https:\/\/schema.org","@graph":[{"@type":"Article","@id":"https:\/\/www.emsland-group.de\/en\/25-jahre-emsland-service-ein-vierteljahrhundert-erfolg-und-fortschritt\/#article","isPartOf":{"@id":"https:\/\/www.emsland-group.de\/en\/25-jahre-emsland-service-ein-vierteljahrhundert-erfolg-und-fortschritt\/"},"author":{"name":"emsland-group","@id":"https:\/\/www.emsland-group.de\/en\/#\/schema\/person\/471d4e39411a11b540cce53526a26763"},"headline":"25 Years of Emsland Service \u2014 A Quarter of a Century, Success and Progress","datePublished":"2024-11-27T14:06:15+00:00","dateModified":"2024-11-27T14:10:04+00:00","mainEntityOfPage":{"@id":"https:\/\/www.emsland-group.de\/en\/25-jahre-emsland-service-ein-vierteljahrhundert-erfolg-und-fortschritt\/"},"wordCount":574,"publisher":{"@id":"https:\/\/www.emsland-group.de\/en\/#organization"},"image":{"@id":"https:\/\/www.emsland-group.de\/en\/25-jahre-emsland-service-ein-vierteljahrhundert-erfolg-und-fortschritt\/#primaryimage"},"thumbnailUrl":"https:\/\/www.emsland-group.de\/wp-content\/uploads\/7R400696-scaled.jpg","articleSection":["Article"],"inLanguage":"en-US"},{"@type":"WebPage","@id":"https:\/\/www.emsland-group.de\/en\/25-jahre-emsland-service-ein-vierteljahrhundert-erfolg-und-fortschritt\/","url":"https:\/\/www.emsland-group.de\/en\/25-jahre-emsland-service-ein-vierteljahrhundert-erfolg-und-fortschritt\/","name":"25 Years of Emsland Service \u2014 A Quarter of a Century, Success and Progress - Emsland Group","isPartOf":{"@id":"https:\/\/www.emsland-group.de\/en\/#website"},"primaryImageOfPage":{"@id":"https:\/\/www.emsland-group.de\/en\/25-jahre-emsland-service-ein-vierteljahrhundert-erfolg-und-fortschritt\/#primaryimage"},"image":{"@id":"https:\/\/www.emsland-group.de\/en\/25-jahre-emsland-service-ein-vierteljahrhundert-erfolg-und-fortschritt\/#primaryimage"},"thumbnailUrl":"https:\/\/www.emsland-group.de\/wp-content\/uploads\/7R400696-scaled.jpg","datePublished":"2024-11-27T14:06:15+00:00","dateModified":"2024-11-27T14:10:04+00:00","breadcrumb":{"@id":"https:\/\/www.emsland-group.de\/en\/25-jahre-emsland-service-ein-vierteljahrhundert-erfolg-und-fortschritt\/#breadcrumb"},"inLanguage":"en-US","potentialAction":[{"@type":"ReadAction","target":["https:\/\/www.emsland-group.de\/en\/25-jahre-emsland-service-ein-vierteljahrhundert-erfolg-und-fortschritt\/"]}]},{"@type":"ImageObject","inLanguage":"en-US","@id":"https:\/\/www.emsland-group.de\/en\/25-jahre-emsland-service-ein-vierteljahrhundert-erfolg-und-fortschritt\/#primaryimage","url":"https:\/\/www.emsland-group.de\/wp-content\/uploads\/7R400696-scaled.jpg","contentUrl":"https:\/\/www.emsland-group.de\/wp-content\/uploads\/7R400696-scaled.jpg","width":2560,"height":1707},{"@type":"BreadcrumbList","@id":"https:\/\/www.emsland-group.de\/en\/25-jahre-emsland-service-ein-vierteljahrhundert-erfolg-und-fortschritt\/#breadcrumb","itemListElement":[{"@type":"ListItem","position":1,"name":"Home","item":"https:\/\/www.emsland-group.de\/en\/"},{"@type":"ListItem","position":2,"name":"25 Years of Emsland Service \u2014 A Quarter of a Century, Success and Progress"}]},{"@type":"WebSite","@id":"https:\/\/www.emsland-group.de\/en\/#website","url":"https:\/\/www.emsland-group.de\/en\/","name":"Emsland Group","description":"","publisher":{"@id":"https:\/\/www.emsland-group.de\/en\/#organization"},"potentialAction":[{"@type":"SearchAction","target":{"@type":"EntryPoint","urlTemplate":"https:\/\/www.emsland-group.de\/en\/?s={search_term_string}"},"query-input":{"@type":"PropertyValueSpecification","valueRequired":true,"valueName":"search_term_string"}}],"inLanguage":"en-US"},{"@type":"Organization","@id":"https:\/\/www.emsland-group.de\/en\/#organization","name":"Emsland Group","url":"https:\/\/www.emsland-group.de\/en\/","logo":{"@type":"ImageObject","inLanguage":"en-US","@id":"https:\/\/www.emsland-group.de\/en\/#\/schema\/logo\/image\/","url":"https:\/\/www.emsland-group.de\/wp-content\/uploads\/2022\/08\/emsland-group_logo.svg","contentUrl":"https:\/\/www.emsland-group.de\/wp-content\/uploads\/2022\/08\/emsland-group_logo.svg","width":1,"height":1,"caption":"Emsland Group"},"image":{"@id":"https:\/\/www.emsland-group.de\/en\/#\/schema\/logo\/image\/"}},{"@type":"Person","@id":"https:\/\/www.emsland-group.de\/en\/#\/schema\/person\/471d4e39411a11b540cce53526a26763","name":"emsland-group"}]}},"_links":{"self":[{"href":"https:\/\/www.emsland-group.de\/en\/wp-json\/wp\/v2\/posts\/10283","targetHints":{"allow":["GET"]}}],"collection":[{"href":"https:\/\/www.emsland-group.de\/en\/wp-json\/wp\/v2\/posts"}],"about":[{"href":"https:\/\/www.emsland-group.de\/en\/wp-json\/wp\/v2\/types\/post"}],"author":[{"embeddable":true,"href":"https:\/\/www.emsland-group.de\/en\/wp-json\/wp\/v2\/users\/4"}],"replies":[{"embeddable":true,"href":"https:\/\/www.emsland-group.de\/en\/wp-json\/wp\/v2\/comments?post=10283"}],"version-history":[{"count":1,"href":"https:\/\/www.emsland-group.de\/en\/wp-json\/wp\/v2\/posts\/10283\/revisions"}],"predecessor-version":[{"id":10285,"href":"https:\/\/www.emsland-group.de\/en\/wp-json\/wp\/v2\/posts\/10283\/revisions\/10285"}],"wp:featuredmedia":[{"embeddable":true,"href":"https:\/\/www.emsland-group.de\/en\/wp-json\/wp\/v2\/media\/10277"}],"wp:attachment":[{"href":"https:\/\/www.emsland-group.de\/en\/wp-json\/wp\/v2\/media?parent=10283"}],"wp:term":[{"taxonomy":"category","embeddable":true,"href":"https:\/\/www.emsland-group.de\/en\/wp-json\/wp\/v2\/categories?post=10283"},{"taxonomy":"post_tag","embeddable":true,"href":"https:\/\/www.emsland-group.de\/en\/wp-json\/wp\/v2\/tags?post=10283"}],"curies":[{"name":"wp","href":"https:\/\/api.w.org\/{rel}","templated":true}]}}